{"id":3406,"date":"2023-10-06T09:11:23","date_gmt":"2023-10-06T07:11:23","guid":{"rendered":"https:\/\/5-pixels.fr\/v3\/?p=3406"},"modified":"2023-10-06T14:31:54","modified_gmt":"2023-10-06T12:31:54","slug":"notre-nouvelle-chargee-de-communication-rejoint-lequipe","status":"publish","type":"post","link":"https:\/\/5-pixels.fr\/v3\/notre-nouvelle-chargee-de-communication-rejoint-lequipe\/","title":{"rendered":"Notre nouvelle charg\u00e9e de communication rejoint l&rsquo;\u00e9quipe !"},"content":{"rendered":"<p>[et_pb_section fb_built=\u00a0\u00bb1&Prime; _builder_version=\u00a0\u00bb4.17.4&Prime; _module_preset=\u00a0\u00bbdefault\u00a0\u00bb background_color=\u00a0\u00bb#EEE3EC\u00a0\u00bb custom_padding=\u00a0\u00bb3px||0px||false|false\u00a0\u00bb locked=\u00a0\u00bboff\u00a0\u00bb global_colors_info=\u00a0\u00bb{}\u00a0\u00bb][et_pb_row _builder_version=\u00a0\u00bb4.22.1&Prime; _module_preset=\u00a0\u00bbdefault\u00a0\u00bb width=\u00a0\u00bb90%\u00a0\u00bb max_width=\u00a0\u00bbnone\u00a0\u00bb module_alignment=\u00a0\u00bbcenter\u00a0\u00bb custom_padding=\u00a0\u00bb17px||20px|||\u00a0\u00bb locked=\u00a0\u00bboff\u00a0\u00bb global_colors_info=\u00a0\u00bb{}\u00a0\u00bb][et_pb_column type=\u00a0\u00bb4_4&Prime; _builder_version=\u00a0\u00bb4.22.1&Prime; _module_preset=\u00a0\u00bbdefault\u00a0\u00bb global_colors_info=\u00a0\u00bb{}\u00a0\u00bb][et_pb_text _builder_version=\u00a0\u00bb4.22.1&Prime; _module_preset=\u00a0\u00bbdefault\u00a0\u00bb text_font=\u00a0\u00bbMontserrat|300|||||||\u00a0\u00bb text_font_size=\u00a0\u00bb16px\u00a0\u00bb header_font=\u00a0\u00bbBiko|700|||||||\u00a0\u00bb header_font_size=\u00a0\u00bb40px\u00a0\u00bb header_2_font=\u00a0\u00bbMontserrat|700|||||||\u00a0\u00bb header_2_text_color=\u00a0\u00bb#000000&Prime; header_2_font_size=\u00a0\u00bb37px\u00a0\u00bb custom_margin=\u00a0\u00bb||19px|||\u00a0\u00bb custom_padding=\u00a0\u00bb16px|||||\u00a0\u00bb global_colors_info=\u00a0\u00bb{}\u00a0\u00bb]<\/p>\n<h1><span style=\"color: #000000;\">Notre nouvelle charg\u00e9e de communication rejoint l&rsquo;\u00e9quipe !<\/span><\/h1>\n<p>[\/et_pb_text][et_pb_divider color=\u00a0\u00bb#BDA6B9&Prime; divider_weight=\u00a0\u00bb5px\u00a0\u00bb _builder_version=\u00a0\u00bb4.17.4&Prime; _module_preset=\u00a0\u00bbdefault\u00a0\u00bb width=\u00a0\u00bb28%\u00a0\u00bb module_alignment=\u00a0\u00bbleft\u00a0\u00bb custom_margin=\u00a0\u00bb||-1px|||\u00a0\u00bb locked=\u00a0\u00bboff\u00a0\u00bb global_colors_info=\u00a0\u00bb{}\u00a0\u00bb][\/et_pb_divider][\/et_pb_column][\/et_pb_row][et_pb_row column_structure=\u00a0\u00bb1_2,1_2&Prime; _builder_version=\u00a0\u00bb4.17.4&Prime; _module_preset=\u00a0\u00bbdefault\u00a0\u00bb width=\u00a0\u00bb90%\u00a0\u00bb max_width=\u00a0\u00bbnone\u00a0\u00bb custom_padding=\u00a0\u00bb17px||20px|||\u00a0\u00bb locked=\u00a0\u00bboff\u00a0\u00bb global_colors_info=\u00a0\u00bb{}\u00a0\u00bb][et_pb_column type=\u00a0\u00bb1_2&Prime; _builder_version=\u00a0\u00bb4.16&Prime; _module_preset=\u00a0\u00bbdefault\u00a0\u00bb global_colors_info=\u00a0\u00bb{}\u00a0\u00bb][et_pb_text _builder_version=\u00a0\u00bb4.22.1&Prime; _module_preset=\u00a0\u00bbdefault\u00a0\u00bb text_font=\u00a0\u00bbMontserrat|300|||||||\u00a0\u00bb text_font_size=\u00a0\u00bb16px\u00a0\u00bb header_2_font=\u00a0\u00bbMontserrat|700|||||||\u00a0\u00bb header_2_text_color=\u00a0\u00bb#000000&Prime; header_2_font_size=\u00a0\u00bb25px\u00a0\u00bb custom_margin=\u00a0\u00bb||19px|||\u00a0\u00bb custom_padding=\u00a0\u00bb16px|||||\u00a0\u00bb global_colors_info=\u00a0\u00bb{}\u00a0\u00bb]<\/p>\n<h2><span style=\"color: #000000;\">Bienvenue Noeline !\u00a0<\/span><\/h2>\n<p>[\/et_pb_text][et_pb_divider color=\u00a0\u00bb#BDA6B9&Prime; divider_weight=\u00a0\u00bb5px\u00a0\u00bb _builder_version=\u00a0\u00bb4.22.1&Prime; _module_preset=\u00a0\u00bbdefault\u00a0\u00bb width=\u00a0\u00bb28%\u00a0\u00bb module_alignment=\u00a0\u00bbleft\u00a0\u00bb custom_margin=\u00a0\u00bb||-1px|||\u00a0\u00bb locked=\u00a0\u00bboff\u00a0\u00bb global_colors_info=\u00a0\u00bb{}\u00a0\u00bb][\/et_pb_divider][et_pb_text _builder_version=\u00a0\u00bb4.22.1&Prime; _module_preset=\u00a0\u00bbdefault\u00a0\u00bb text_font=\u00a0\u00bbMontserrat|300|||||||\u00a0\u00bb text_font_size=\u00a0\u00bb17px\u00a0\u00bb header_2_font=\u00a0\u00bbMontserrat|700|||||||\u00a0\u00bb header_2_text_color=\u00a0\u00bb#000000&Prime; header_2_font_size=\u00a0\u00bb37px\u00a0\u00bb text_orientation=\u00a0\u00bbjustified\u00a0\u00bb custom_padding=\u00a0\u00bb1px|||||\u00a0\u00bb global_colors_info=\u00a0\u00bb{}\u00a0\u00bb]<\/p>\n<ul><\/ul>\n<p><span style=\"font-weight: 400;\">Nous sommes ravis de vous annoncer l&rsquo;arriv\u00e9e de No\u00ebline, notre toute nouvelle charg\u00e9e de communication en alternance chez 5-pixels. Pleine de volont\u00e9 et de dynamisme, vous allez \u00eatre s\u00e9duit ! \ud83e\udd70<\/span><span style=\"font-weight: 400;\"><\/span><\/p>\n<p><span style=\"font-weight: 400;\"><span>La sportive de l\u2019\u00e9quipe est pr\u00eate \u00e0 mettre KO les id\u00e9es re\u00e7ues et \u00e0 relever les nouveaux d\u00e9fis pour nous aider \u00e0 r\u00e9aliser de grandes choses avec vous !<\/span><span class=\"x3nfvp2 x1j61x8r x1fcty0u xdj266r xhhsvwb xat24cr xgzva0m xxymvpz xlup9mm x1kky2od\"><img loading=\"lazy\" decoding=\"async\" height=\"16\" width=\"16\" alt=\"\ud83d\udcaa\" referrerpolicy=\"origin-when-cross-origin\" src=\"https:\/\/static.xx.fbcdn.net\/images\/emoji.php\/v9\/tc5\/1.5\/16\/1f4aa.png\" \/><\/span><\/span><\/p>\n<p>[\/et_pb_text][\/et_pb_column][et_pb_column type=\u00a0\u00bb1_2&Prime; _builder_version=\u00a0\u00bb4.16&Prime; _module_preset=\u00a0\u00bbdefault\u00a0\u00bb global_colors_info=\u00a0\u00bb{}\u00a0\u00bb][et_pb_image src=\u00a0\u00bbhttps:\/\/5-pixels.fr\/v3\/wp-content\/uploads\/2023\/10\/Arrivee-noeline-scaled.jpg\u00a0\u00bb title_text=\u00a0\u00bbArriv\u00e9e noeline\u00a0\u00bb _builder_version=\u00a0\u00bb4.22.1&Prime; _module_preset=\u00a0\u00bbdefault\u00a0\u00bb width=\u00a0\u00bb91%\u00a0\u00bb module_alignment=\u00a0\u00bbcenter\u00a0\u00bb custom_margin=\u00a0\u00bb3px|||||\u00a0\u00bb animation_style=\u00a0\u00bbfade\u00a0\u00bb border_radii=\u00a0\u00bbon|20px|20px|20px|20px\u00a0\u00bb box_shadow_style=\u00a0\u00bbpreset3&Prime; global_colors_info=\u00a0\u00bb{}\u00a0\u00bb min_height__hover_enabled=\u00a0\u00bbon|desktop\u00a0\u00bb][\/et_pb_image][\/et_pb_column][\/et_pb_row][et_pb_row _builder_version=\u00a0\u00bb4.17.4&Prime; _module_preset=\u00a0\u00bbdefault\u00a0\u00bb width=\u00a0\u00bb90%\u00a0\u00bb max_width=\u00a0\u00bbnone\u00a0\u00bb custom_padding=\u00a0\u00bb17px||20px|||\u00a0\u00bb locked=\u00a0\u00bboff\u00a0\u00bb global_colors_info=\u00a0\u00bb{}\u00a0\u00bb][et_pb_column type=\u00a0\u00bb4_4&Prime; _builder_version=\u00a0\u00bb4.16&Prime; _module_preset=\u00a0\u00bbdefault\u00a0\u00bb global_colors_info=\u00a0\u00bb{}\u00a0\u00bb][et_pb_text _builder_version=\u00a0\u00bb4.22.1&Prime; _module_preset=\u00a0\u00bbdefault\u00a0\u00bb text_font=\u00a0\u00bbMontserrat|300|||||||\u00a0\u00bb text_font_size=\u00a0\u00bb16px\u00a0\u00bb header_2_font=\u00a0\u00bbMontserrat|700|||||||\u00a0\u00bb header_2_text_color=\u00a0\u00bb#000000&Prime; header_2_font_size=\u00a0\u00bb25px\u00a0\u00bb custom_margin=\u00a0\u00bb||19px|||\u00a0\u00bb custom_padding=\u00a0\u00bb16px|||||\u00a0\u00bb global_colors_info=\u00a0\u00bb{}\u00a0\u00bb]<\/p>\n<h2><span style=\"color: #000000;\">Son parcours scolaire et ses comp\u00e9tences\u00a0<\/span><\/h2>\n<p>[\/et_pb_text][et_pb_divider color=\u00a0\u00bb#BDA6B9&Prime; divider_weight=\u00a0\u00bb5px\u00a0\u00bb _builder_version=\u00a0\u00bb4.22.1&Prime; _module_preset=\u00a0\u00bbdefault\u00a0\u00bb width=\u00a0\u00bb13%\u00a0\u00bb module_alignment=\u00a0\u00bbleft\u00a0\u00bb custom_margin=\u00a0\u00bb||-1px|||\u00a0\u00bb locked=\u00a0\u00bboff\u00a0\u00bb global_colors_info=\u00a0\u00bb{}\u00a0\u00bb][\/et_pb_divider][et_pb_text _builder_version=\u00a0\u00bb4.22.1&Prime; _module_preset=\u00a0\u00bbdefault\u00a0\u00bb text_font=\u00a0\u00bbMontserrat|300|||||||\u00a0\u00bb text_font_size=\u00a0\u00bb16px\u00a0\u00bb header_2_font=\u00a0\u00bbMontserrat|700|||||||\u00a0\u00bb header_2_text_color=\u00a0\u00bb#000000&Prime; header_2_font_size=\u00a0\u00bb37px\u00a0\u00bb text_orientation=\u00a0\u00bbjustified\u00a0\u00bb custom_padding=\u00a0\u00bb1px|||||\u00a0\u00bb global_colors_info=\u00a0\u00bb{}\u00a0\u00bb]<\/p>\n<ul><\/ul>\n<p><span style=\"font-weight: 400;\">En alternance de communication digitale au sein de l\u2019\u00e9tablissement <strong>Sciences U<\/strong> et de l\u2019\u00e9cole <strong>Esupcom<\/strong> situ\u00e9e dans le centre de Lyon, No\u00ebline suit une ann\u00e9e de bachelor lui permettant de mixer entre l\u2019apprentissage scolaire et l\u2019apprentissage sur le terrain au sein de l\u2019agence.\ud83d\udcbc<\/span><\/p>\n<p><span style=\"font-weight: 400;\">Passionn\u00e9e et organis\u00e9e, No\u00ebline sait comment jongler entre les projets et les t\u00e2ches avec aisance. Son exp\u00e9rience professionnelle lui a permis de mettre au point une m\u00e9thode de travail m\u00e9ticuleuse, rien ne passe entre les mailles du filet ! Un point essentiel dans notre domaine car chaque d\u00e9tail compte \ud83d\ude00<\/span><\/p>\n<p><span style=\"font-weight: 400;\">La cr\u00e9ativit\u00e9 est au c\u0153ur de la communication, et No\u00ebline en a \u00e0 revendre ! Elle saura comment captiver l&rsquo;attention de l&rsquo;audience gr\u00e2ce \u00e0 des id\u00e9es novatrices et des concepts originaux. Son sens du relationnel y participera \u00e9galement. Selon elle <strong>\u00ab l&rsquo;\u00e9coute est la cl\u00e9 de la r\u00e9ussite pour satisfaire son client \u00bb<\/strong>. Sa capacit\u00e9 \u00e0 comprendre et \u00e0 r\u00e9agir aux besoins qu\u2019elle d\u00e9c\u00e8le seront un atout pr\u00e9cieux pour vous accompagner. \ud83e\udd1d<\/span><\/p>\n<p>[\/et_pb_text][et_pb_text _builder_version=\u00a0\u00bb4.22.1&Prime; _module_preset=\u00a0\u00bbdefault\u00a0\u00bb text_font=\u00a0\u00bbMontserrat|300|||||||\u00a0\u00bb text_font_size=\u00a0\u00bb16px\u00a0\u00bb header_2_font=\u00a0\u00bbMontserrat|700|||||||\u00a0\u00bb header_2_text_color=\u00a0\u00bb#000000&Prime; header_2_font_size=\u00a0\u00bb25px\u00a0\u00bb custom_margin=\u00a0\u00bb||19px|||\u00a0\u00bb custom_padding=\u00a0\u00bb16px|||||\u00a0\u00bb global_colors_info=\u00a0\u00bb{}\u00a0\u00bb]<\/p>\n<h2><span style=\"color: #000000;\">Son parcours scolaire et ses comp\u00e9tences\u00a0<\/span><\/h2>\n<p>[\/et_pb_text][et_pb_divider color=\u00a0\u00bb#BDA6B9&Prime; divider_weight=\u00a0\u00bb5px\u00a0\u00bb _builder_version=\u00a0\u00bb4.22.1&Prime; _module_preset=\u00a0\u00bbdefault\u00a0\u00bb width=\u00a0\u00bb13%\u00a0\u00bb module_alignment=\u00a0\u00bbleft\u00a0\u00bb custom_margin=\u00a0\u00bb||-1px|||\u00a0\u00bb locked=\u00a0\u00bboff\u00a0\u00bb global_colors_info=\u00a0\u00bb{}\u00a0\u00bb][\/et_pb_divider][et_pb_text _builder_version=\u00a0\u00bb4.22.1&Prime; _module_preset=\u00a0\u00bbdefault\u00a0\u00bb text_font=\u00a0\u00bbMontserrat|300|||||||\u00a0\u00bb text_font_size=\u00a0\u00bb16px\u00a0\u00bb header_2_font=\u00a0\u00bbMontserrat|700|||||||\u00a0\u00bb header_2_text_color=\u00a0\u00bb#000000&Prime; header_2_font_size=\u00a0\u00bb37px\u00a0\u00bb text_orientation=\u00a0\u00bbjustified\u00a0\u00bb custom_padding=\u00a0\u00bb1px|||||\u00a0\u00bb global_colors_info=\u00a0\u00bb{}\u00a0\u00bb]<\/p>\n<ul><\/ul>\n<p><span style=\"font-weight: 400;\">C\u2019est une ann\u00e9e bien charg\u00e9e qui s\u2019annonce pour No\u00ebline car plusieurs missions lui sont confi\u00e9es. <\/span><span style=\"font-weight: 400;\">Dans un premier temps, elle s\u2019occupera du d\u00e9veloppement de tous nos r\u00e9seaux sociaux (que vous retrouverez en bas de cet article) ainsi que du d\u00e9veloppement de toute la communication de l\u2019agence qu\u2019elle soit digitale ou \u00e9v\u00e9nementielle ! (Vous serez \u00e9videmment inform\u00e9 de tout \ud83d\ude09). Par ailleurs, No\u00ebline va \u00e9galement travailler sur l\u2019int\u00e9gration de certains projets de nos clients.<\/span><\/p>\n<p><span style=\"font-weight: 400;\">Vous aurez s\u00fbrement l\u2019occasion de l\u2019avoir par t\u00e9l\u00e9phone car un de ses r\u00f4les sera de g\u00e9rer la relation avec nos clients. Alors n\u2019h\u00e9sitez pas \u00e0 nous joindre si vous souhaitez discuter d\u2019un projet, elle sera l\u00e0 pour r\u00e9pondre ! \ud83e\udd17<\/span><\/p>\n<p><strong>Pour suivre les actualit\u00e9s croustillantes \u00e0 venir, abonnez-vous \u00e0 notre newsletter ! \ud83c\udf1f<\/strong><\/p>\n<p>[\/et_pb_text][et_pb_button button_text=\u00a0\u00bbAbonnez-vous\u00a0\u00bb _builder_version=\u00a0\u00bb4.22.1&Prime; _module_preset=\u00a0\u00bbdefault\u00a0\u00bb hover_enabled=\u00a0\u00bb0&Prime; global_colors_info=\u00a0\u00bb{}\u00a0\u00bb button_url=\u00a0\u00bbhttps:\/\/5-pixels.fr\/v3\/nous-contacter\/#newsletter\u00a0\u00bb sticky_enabled=\u00a0\u00bb0&Prime;][\/et_pb_button][\/et_pb_column][\/et_pb_row][\/et_pb_section]<\/p>\n","protected":false},"excerpt":{"rendered":"<p>Notre nouvelle charg\u00e9e de communication rejoint l&rsquo;\u00e9quipe !Bienvenue Noeline !\u00a0 Nous sommes ravis de vous annoncer l&rsquo;arriv\u00e9e de No\u00ebline, notre toute nouvelle charg\u00e9e de communication en alternance chez 5-pixels. Pleine de volont\u00e9 et de dynamisme, vous allez \u00eatre s\u00e9duit ! \ud83e\udd70 La sportive de l\u2019\u00e9quipe est pr\u00eate \u00e0 mettre KO les id\u00e9es re\u00e7ues et \u00e0 [&hellip;]<\/p>\n","protected":false},"author":1,"featured_media":3410,"comment_status":"closed","ping_status":"open","sticky":false,"template":"","format":"standard","meta":{"_et_pb_use_builder":"on","_et_pb_old_content":"","_et_gb_content_width":"2880","footnotes":""},"categories":[5],"tags":[],"class_list":["post-3406","post","type-post","status-publish","format-standard","has-post-thumbnail","hentry","category-a-la-une"],"yoast_head":"<!-- This site is optimized with the Yoast SEO plugin v26.3 - https:\/\/yoast.com\/wordpress\/plugins\/seo\/ -->\n<title>Notre nouvelle charg\u00e9e de communication rejoint l&#039;\u00e9quipe ! - 5-pixels<\/title>\n<meta name=\"description\" content=\"Nous accueillons pour l&#039;ann\u00e9e 2023, une alternante en communication digitale. Elle sera \u00e0 nos c\u00f4t\u00e9s en tant que charg\u00e9e de communication.\" \/>\n<meta name=\"robots\" content=\"index, follow, max-snippet:-1, max-image-preview:large, max-video-preview:-1\" \/>\n<link rel=\"canonical\" href=\"https:\/\/5-pixels.fr\/v3\/notre-nouvelle-chargee-de-communication-rejoint-lequipe\/\" \/>\n<meta property=\"og:locale\" content=\"fr_FR\" \/>\n<meta property=\"og:type\" content=\"article\" \/>\n<meta property=\"og:title\" content=\"Notre nouvelle charg\u00e9e de communication rejoint l&#039;\u00e9quipe ! - 5-pixels\" \/>\n<meta property=\"og:description\" content=\"Nous accueillons pour l&#039;ann\u00e9e 2023, une alternante en communication digitale. Elle sera \u00e0 nos c\u00f4t\u00e9s en tant que charg\u00e9e de communication.\" \/>\n<meta property=\"og:url\" content=\"https:\/\/5-pixels.fr\/v3\/notre-nouvelle-chargee-de-communication-rejoint-lequipe\/\" \/>\n<meta property=\"og:site_name\" content=\"5-pixels\" \/>\n<meta property=\"article:published_time\" content=\"2023-10-06T07:11:23+00:00\" \/>\n<meta property=\"article:modified_time\" content=\"2023-10-06T12:31:54+00:00\" \/>\n<meta property=\"og:image\" content=\"https:\/\/5-pixels.fr\/v3\/wp-content\/uploads\/2023\/10\/Arrivee-noeline-scaled.jpg\" \/>\n\t<meta property=\"og:image:width\" content=\"2560\" \/>\n\t<meta property=\"og:image:height\" content=\"1920\" \/>\n\t<meta property=\"og:image:type\" content=\"image\/jpeg\" \/>\n<meta name=\"author\" content=\"Yannick\" \/>\n<meta name=\"twitter:card\" content=\"summary_large_image\" \/>\n<meta name=\"twitter:label1\" content=\"\u00c9crit par\" \/>\n\t<meta name=\"twitter:data1\" content=\"Yannick\" \/>\n\t<meta name=\"twitter:label2\" content=\"Dur\u00e9e de lecture estim\u00e9e\" \/>\n\t<meta name=\"twitter:data2\" content=\"4 minutes\" \/>\n<script type=\"application\/ld+json\" class=\"yoast-schema-graph\">{\"@context\":\"https:\/\/schema.org\",\"@graph\":[{\"@type\":\"WebPage\",\"@id\":\"https:\/\/5-pixels.fr\/v3\/notre-nouvelle-chargee-de-communication-rejoint-lequipe\/\",\"url\":\"https:\/\/5-pixels.fr\/v3\/notre-nouvelle-chargee-de-communication-rejoint-lequipe\/\",\"name\":\"Notre nouvelle charg\u00e9e de communication rejoint l'\u00e9quipe ! - 5-pixels\",\"isPartOf\":{\"@id\":\"https:\/\/5-pixels.fr\/v3\/#website\"},\"primaryImageOfPage\":{\"@id\":\"https:\/\/5-pixels.fr\/v3\/notre-nouvelle-chargee-de-communication-rejoint-lequipe\/#primaryimage\"},\"image\":{\"@id\":\"https:\/\/5-pixels.fr\/v3\/notre-nouvelle-chargee-de-communication-rejoint-lequipe\/#primaryimage\"},\"thumbnailUrl\":\"https:\/\/5-pixels.fr\/v3\/wp-content\/uploads\/2023\/10\/Arrivee-noeline-scaled.jpg\",\"datePublished\":\"2023-10-06T07:11:23+00:00\",\"dateModified\":\"2023-10-06T12:31:54+00:00\",\"author\":{\"@id\":\"https:\/\/5-pixels.fr\/v3\/#\/schema\/person\/ccbb2c3c7896b6ab5fc4e9bcdb6e59eb\"},\"description\":\"Nous accueillons pour l'ann\u00e9e 2023, une alternante en communication digitale. Elle sera \u00e0 nos c\u00f4t\u00e9s en tant que charg\u00e9e de communication.\",\"breadcrumb\":{\"@id\":\"https:\/\/5-pixels.fr\/v3\/notre-nouvelle-chargee-de-communication-rejoint-lequipe\/#breadcrumb\"},\"inLanguage\":\"fr-FR\",\"potentialAction\":[{\"@type\":\"ReadAction\",\"target\":[\"https:\/\/5-pixels.fr\/v3\/notre-nouvelle-chargee-de-communication-rejoint-lequipe\/\"]}]},{\"@type\":\"ImageObject\",\"inLanguage\":\"fr-FR\",\"@id\":\"https:\/\/5-pixels.fr\/v3\/notre-nouvelle-chargee-de-communication-rejoint-lequipe\/#primaryimage\",\"url\":\"https:\/\/5-pixels.fr\/v3\/wp-content\/uploads\/2023\/10\/Arrivee-noeline-scaled.jpg\",\"contentUrl\":\"https:\/\/5-pixels.fr\/v3\/wp-content\/uploads\/2023\/10\/Arrivee-noeline-scaled.jpg\",\"width\":2560,\"height\":1920},{\"@type\":\"BreadcrumbList\",\"@id\":\"https:\/\/5-pixels.fr\/v3\/notre-nouvelle-chargee-de-communication-rejoint-lequipe\/#breadcrumb\",\"itemListElement\":[{\"@type\":\"ListItem\",\"position\":1,\"name\":\"Accueil\",\"item\":\"https:\/\/5-pixels.fr\/v3\/\"},{\"@type\":\"ListItem\",\"position\":2,\"name\":\"Notre nouvelle charg\u00e9e de communication rejoint l&rsquo;\u00e9quipe !\"}]},{\"@type\":\"WebSite\",\"@id\":\"https:\/\/5-pixels.fr\/v3\/#website\",\"url\":\"https:\/\/5-pixels.fr\/v3\/\",\"name\":\"5-pixels\",\"description\":\"Cr\u00e9ateur de votre communication\",\"potentialAction\":[{\"@type\":\"SearchAction\",\"target\":{\"@type\":\"EntryPoint\",\"urlTemplate\":\"https:\/\/5-pixels.fr\/v3\/?s={search_term_string}\"},\"query-input\":{\"@type\":\"PropertyValueSpecification\",\"valueRequired\":true,\"valueName\":\"search_term_string\"}}],\"inLanguage\":\"fr-FR\"},{\"@type\":\"Person\",\"@id\":\"https:\/\/5-pixels.fr\/v3\/#\/schema\/person\/ccbb2c3c7896b6ab5fc4e9bcdb6e59eb\",\"name\":\"Yannick\",\"image\":{\"@type\":\"ImageObject\",\"inLanguage\":\"fr-FR\",\"@id\":\"https:\/\/5-pixels.fr\/v3\/#\/schema\/person\/image\/\",\"url\":\"https:\/\/secure.gravatar.com\/avatar\/a2b5c2eedce064b8091a6e400323bca6c7304ecc3ef0b1f9ea907a2faded7038?s=96&d=mm&r=g\",\"contentUrl\":\"https:\/\/secure.gravatar.com\/avatar\/a2b5c2eedce064b8091a6e400323bca6c7304ecc3ef0b1f9ea907a2faded7038?s=96&d=mm&r=g\",\"caption\":\"Yannick\"},\"sameAs\":[\"https:\/\/5-pixels.fr\/v3\"],\"url\":\"https:\/\/5-pixels.fr\/v3\/author\/yannick\/\"}]}<\/script>\n<!-- \/ Yoast SEO plugin. -->","yoast_head_json":{"title":"Notre nouvelle charg\u00e9e de communication rejoint l'\u00e9quipe ! - 5-pixels","description":"Nous accueillons pour l'ann\u00e9e 2023, une alternante en communication digitale. Elle sera \u00e0 nos c\u00f4t\u00e9s en tant que charg\u00e9e de communication.","robots":{"index":"index","follow":"follow","max-snippet":"max-snippet:-1","max-image-preview":"max-image-preview:large","max-video-preview":"max-video-preview:-1"},"canonical":"https:\/\/5-pixels.fr\/v3\/notre-nouvelle-chargee-de-communication-rejoint-lequipe\/","og_locale":"fr_FR","og_type":"article","og_title":"Notre nouvelle charg\u00e9e de communication rejoint l'\u00e9quipe ! - 5-pixels","og_description":"Nous accueillons pour l'ann\u00e9e 2023, une alternante en communication digitale. Elle sera \u00e0 nos c\u00f4t\u00e9s en tant que charg\u00e9e de communication.","og_url":"https:\/\/5-pixels.fr\/v3\/notre-nouvelle-chargee-de-communication-rejoint-lequipe\/","og_site_name":"5-pixels","article_published_time":"2023-10-06T07:11:23+00:00","article_modified_time":"2023-10-06T12:31:54+00:00","og_image":[{"width":2560,"height":1920,"url":"https:\/\/5-pixels.fr\/v3\/wp-content\/uploads\/2023\/10\/Arrivee-noeline-scaled.jpg","type":"image\/jpeg"}],"author":"Yannick","twitter_card":"summary_large_image","twitter_misc":{"\u00c9crit par":"Yannick","Dur\u00e9e de lecture estim\u00e9e":"4 minutes"},"schema":{"@context":"https:\/\/schema.org","@graph":[{"@type":"WebPage","@id":"https:\/\/5-pixels.fr\/v3\/notre-nouvelle-chargee-de-communication-rejoint-lequipe\/","url":"https:\/\/5-pixels.fr\/v3\/notre-nouvelle-chargee-de-communication-rejoint-lequipe\/","name":"Notre nouvelle charg\u00e9e de communication rejoint l'\u00e9quipe ! - 5-pixels","isPartOf":{"@id":"https:\/\/5-pixels.fr\/v3\/#website"},"primaryImageOfPage":{"@id":"https:\/\/5-pixels.fr\/v3\/notre-nouvelle-chargee-de-communication-rejoint-lequipe\/#primaryimage"},"image":{"@id":"https:\/\/5-pixels.fr\/v3\/notre-nouvelle-chargee-de-communication-rejoint-lequipe\/#primaryimage"},"thumbnailUrl":"https:\/\/5-pixels.fr\/v3\/wp-content\/uploads\/2023\/10\/Arrivee-noeline-scaled.jpg","datePublished":"2023-10-06T07:11:23+00:00","dateModified":"2023-10-06T12:31:54+00:00","author":{"@id":"https:\/\/5-pixels.fr\/v3\/#\/schema\/person\/ccbb2c3c7896b6ab5fc4e9bcdb6e59eb"},"description":"Nous accueillons pour l'ann\u00e9e 2023, une alternante en communication digitale. Elle sera \u00e0 nos c\u00f4t\u00e9s en tant que charg\u00e9e de communication.","breadcrumb":{"@id":"https:\/\/5-pixels.fr\/v3\/notre-nouvelle-chargee-de-communication-rejoint-lequipe\/#breadcrumb"},"inLanguage":"fr-FR","potentialAction":[{"@type":"ReadAction","target":["https:\/\/5-pixels.fr\/v3\/notre-nouvelle-chargee-de-communication-rejoint-lequipe\/"]}]},{"@type":"ImageObject","inLanguage":"fr-FR","@id":"https:\/\/5-pixels.fr\/v3\/notre-nouvelle-chargee-de-communication-rejoint-lequipe\/#primaryimage","url":"https:\/\/5-pixels.fr\/v3\/wp-content\/uploads\/2023\/10\/Arrivee-noeline-scaled.jpg","contentUrl":"https:\/\/5-pixels.fr\/v3\/wp-content\/uploads\/2023\/10\/Arrivee-noeline-scaled.jpg","width":2560,"height":1920},{"@type":"BreadcrumbList","@id":"https:\/\/5-pixels.fr\/v3\/notre-nouvelle-chargee-de-communication-rejoint-lequipe\/#breadcrumb","itemListElement":[{"@type":"ListItem","position":1,"name":"Accueil","item":"https:\/\/5-pixels.fr\/v3\/"},{"@type":"ListItem","position":2,"name":"Notre nouvelle charg\u00e9e de communication rejoint l&rsquo;\u00e9quipe !"}]},{"@type":"WebSite","@id":"https:\/\/5-pixels.fr\/v3\/#website","url":"https:\/\/5-pixels.fr\/v3\/","name":"5-pixels","description":"Cr\u00e9ateur de votre communication","potentialAction":[{"@type":"SearchAction","target":{"@type":"EntryPoint","urlTemplate":"https:\/\/5-pixels.fr\/v3\/?s={search_term_string}"},"query-input":{"@type":"PropertyValueSpecification","valueRequired":true,"valueName":"search_term_string"}}],"inLanguage":"fr-FR"},{"@type":"Person","@id":"https:\/\/5-pixels.fr\/v3\/#\/schema\/person\/ccbb2c3c7896b6ab5fc4e9bcdb6e59eb","name":"Yannick","image":{"@type":"ImageObject","inLanguage":"fr-FR","@id":"https:\/\/5-pixels.fr\/v3\/#\/schema\/person\/image\/","url":"https:\/\/secure.gravatar.com\/avatar\/a2b5c2eedce064b8091a6e400323bca6c7304ecc3ef0b1f9ea907a2faded7038?s=96&d=mm&r=g","contentUrl":"https:\/\/secure.gravatar.com\/avatar\/a2b5c2eedce064b8091a6e400323bca6c7304ecc3ef0b1f9ea907a2faded7038?s=96&d=mm&r=g","caption":"Yannick"},"sameAs":["https:\/\/5-pixels.fr\/v3"],"url":"https:\/\/5-pixels.fr\/v3\/author\/yannick\/"}]}},"_links":{"self":[{"href":"https:\/\/5-pixels.fr\/v3\/wp-json\/wp\/v2\/posts\/3406","targetHints":{"allow":["GET"]}}],"collection":[{"href":"https:\/\/5-pixels.fr\/v3\/wp-json\/wp\/v2\/posts"}],"about":[{"href":"https:\/\/5-pixels.fr\/v3\/wp-json\/wp\/v2\/types\/post"}],"author":[{"embeddable":true,"href":"https:\/\/5-pixels.fr\/v3\/wp-json\/wp\/v2\/users\/1"}],"replies":[{"embeddable":true,"href":"https:\/\/5-pixels.fr\/v3\/wp-json\/wp\/v2\/comments?post=3406"}],"version-history":[{"count":11,"href":"https:\/\/5-pixels.fr\/v3\/wp-json\/wp\/v2\/posts\/3406\/revisions"}],"predecessor-version":[{"id":3432,"href":"https:\/\/5-pixels.fr\/v3\/wp-json\/wp\/v2\/posts\/3406\/revisions\/3432"}],"wp:featuredmedia":[{"embeddable":true,"href":"https:\/\/5-pixels.fr\/v3\/wp-json\/wp\/v2\/media\/3410"}],"wp:attachment":[{"href":"https:\/\/5-pixels.fr\/v3\/wp-json\/wp\/v2\/media?parent=3406"}],"wp:term":[{"taxonomy":"category","embeddable":true,"href":"https:\/\/5-pixels.fr\/v3\/wp-json\/wp\/v2\/categories?post=3406"},{"taxonomy":"post_tag","embeddable":true,"href":"https:\/\/5-pixels.fr\/v3\/wp-json\/wp\/v2\/tags?post=3406"}],"curies":[{"name":"wp","href":"https:\/\/api.w.org\/{rel}","templated":true}]}}